{"id":376,"date":"2018-12-27T03:29:33","date_gmt":"2018-12-27T03:29:33","guid":{"rendered":"https:\/\/commons.princeton.edu\/indigenous-brazil\/?p=376"},"modified":"2019-01-31T21:56:39","modified_gmt":"2019-01-31T21:56:39","slug":"os-potiguara-a-historia-e-a-educacao","status":"publish","type":"post","link":"https:\/\/commons.princeton.edu\/indigenous-brazil\/os-potiguara-a-historia-e-a-educacao\/","title":{"rendered":"Os Potiguara: a hist\u00f3ria e a educa\u00e7\u00e3o"},"content":{"rendered":"<p>Muitas vezes associamos a hist\u00f3ria com palavras na p\u00e1gina de um livro did\u00e1tico, mas, na realidade, trata-se um constructo vivo, que existe, sobretudo, fora do mundo escrito. S\u00e9rgio Bairon, da USP, fala da import\u00e2ncia de \u201cestar presente\u201d na compreens\u00e3o da hist\u00f3ria de um grupo. Esse conceito \u00e9 critico para entendermos o modo de vida dos grupos ind\u00edgenas no Brasil. Todos os dias, indiv\u00edduos ao redor do mundo escrevem a sua pr\u00f3pria hist\u00f3ria, tanto como os ind\u00edgenas Potiguara, que t\u00eam uma hist\u00f3ria que sempre est\u00e1 expandindo e evoluindo. A l\u00edngua serve para rastrear o passado de um povo.<\/p>\n<p><img loading=\"lazy\" decoding=\"async\" src=\"https:\/\/upload.wikimedia.org\/wikipedia\/commons\/3\/38\/Slide27.JPG\" width=\"569\" height=\"663\" \/><\/p>\n<p>Nos \u00faltimos vinte anos, o povo Potiguara tem visto uma ressurg\u00eancia no interesse em estudar a sua l\u00edngua nativa, o Tupi; a demanda tem ultrapassado a quantidade de professores. Novas medidas nas escolas Potiguara enfatizam a cultura de seu povo atrav\u00e9s da l\u00edngua Tupi e da arte, al\u00e9m da hist\u00f3ria. Eu acho muito importante esses esfor\u00e7os de reintroduzir a l\u00edngua Tupi, sobretudo para os jovens Potiguara.\u00a0 Ao aprenderem essa l\u00edngua, apenas por estarem <em>presentes<\/em>, os estudantes Potiguara est\u00e3o, ao mesmo tempo, criando a sua pr\u00f3pria hist\u00f3ria, mas tamb\u00e9m preservando elementos antigos de sua cultura. Al\u00e9m disso, trazer de volta a l\u00edngua Tupi \u00e9 uma forma especialmente adequada para os jovens Potiguara entrarem em contato com as suas ra\u00edzes, porque enfatiza a tradi\u00e7\u00e3o oral, algo que \u00e9 de suma import\u00e2ncia para o conhecimento da hist\u00f3ria ind\u00edgena.<\/p>\n<p>Fontes:<\/p>\n<p><a href=\"http:\/\/www.trilhasdospotiguaras.com.br\/en\/historia\/os-potiguaras-do-seculo-xxi\/\">http:\/\/www.trilhasdospotiguaras.com.br\/en\/historia\/os-potiguaras-do-seculo-xxi\/<\/a><\/p>\n<p><a href=\"https:\/\/joshuaproject.net\/people_groups\/14453\/BR\">https:\/\/joshuaproject.net\/people_groups\/14453\/BR<\/a><\/p>\n<p><a href=\"https:\/\/upload.wikimedia.org\/wikipedia\/commons\/3\/38\/Slide27.JPG\">https:\/\/upload.wikimedia.org\/wikipedia\/commons\/3\/38\/Slide27.JPG<\/a><\/p>\n","protected":false},"excerpt":{"rendered":"<p>Muitas vezes associamos a hist\u00f3ria com palavras na p\u00e1gina de um livro did\u00e1tico, mas, na realidade, trata-se um constructo vivo, que existe, sobretudo, fora do mundo escrito. S\u00e9rgio Bairon, da USP, fala da import\u00e2ncia de \u201cestar presente\u201d na compreens\u00e3o da hist\u00f3ria de um grupo. Esse conceito \u00e9 critico para entendermos o modo de vida dos<\/p>\n<p><a class=\"more-link\" href=\"https:\/\/commons.princeton.edu\/indigenous-brazil\/os-potiguara-a-historia-e-a-educacao\/\">Continue Reading<\/a><\/p>\n","protected":false},"author":801,"featured_media":0,"comment_status":"open","ping_status":"open","sticky":false,"template":"","format":"standard","meta":{"footnotes":""},"categories":[1],"tags":[10],"class_list":["post-376","post","type-post","status-publish","format-standard","hentry","category-uncategorized","tag-potiguara","post-preview"],"_links":{"self":[{"href":"https:\/\/commons.princeton.edu\/indigenous-brazil\/wp-json\/wp\/v2\/posts\/376","targetHints":{"allow":["GET"]}}],"collection":[{"href":"https:\/\/commons.princeton.edu\/indigenous-brazil\/wp-json\/wp\/v2\/posts"}],"about":[{"href":"https:\/\/commons.princeton.edu\/indigenous-brazil\/wp-json\/wp\/v2\/types\/post"}],"author":[{"embeddable":true,"href":"https:\/\/commons.princeton.edu\/indigenous-brazil\/wp-json\/wp\/v2\/users\/801"}],"replies":[{"embeddable":true,"href":"https:\/\/commons.princeton.edu\/indigenous-brazil\/wp-json\/wp\/v2\/comments?post=376"}],"version-history":[{"count":4,"href":"https:\/\/commons.princeton.edu\/indigenous-brazil\/wp-json\/wp\/v2\/posts\/376\/revisions"}],"predecessor-version":[{"id":827,"href":"https:\/\/commons.princeton.edu\/indigenous-brazil\/wp-json\/wp\/v2\/posts\/376\/revisions\/827"}],"wp:attachment":[{"href":"https:\/\/commons.princeton.edu\/indigenous-brazil\/wp-json\/wp\/v2\/media?parent=376"}],"wp:term":[{"taxonomy":"category","embeddable":true,"href":"https:\/\/commons.princeton.edu\/indigenous-brazil\/wp-json\/wp\/v2\/categories?post=376"},{"taxonomy":"post_tag","embeddable":true,"href":"https:\/\/commons.princeton.edu\/indigenous-brazil\/wp-json\/wp\/v2\/tags?post=376"}],"curies":[{"name":"wp","href":"https:\/\/api.w.org\/{rel}","templated":true}]}}