{"id":3243,"date":"2021-09-20T16:04:27","date_gmt":"2021-09-20T20:04:27","guid":{"rendered":"https:\/\/commons.princeton.edu\/contextos\/?p=3243"},"modified":"2021-09-24T17:55:05","modified_gmt":"2021-09-24T21:55:05","slug":"uso-del-preterito-ii","status":"publish","type":"post","link":"https:\/\/commons.princeton.edu\/contextos\/uso-del-preterito-ii\/","title":{"rendered":"Uso del pret\u00e9rito II"},"content":{"rendered":"<p>El pret\u00e9rito es un tiempo verbal asociado principalmente a acciones que vemos como completas o terminadas. Es el tiempo de la narraci\u00f3n en contraste con el imperfecto, el cual se asocia con la descripci\u00f3n. En ese sentido usamos el pret\u00e9rito para:<\/p>\n<p><b>Hablar de acciones o eventos completos desde el punto de vista del hablante<\/b>. En este caso, estamos comunicando que la acci\u00f3n o evento es una unidad completa y terminada.<\/p>\n<ul>\n<li><em>Anoche fui al cine.<\/em><\/li>\n<li><em>Ayer habl\u00e9 con mi mam\u00e1 tres horas.<\/em><\/li>\n<li><em>Las ni\u00f1as se sentaron bajo el \u00e1rbol toda la tarde.<\/em><\/li>\n<\/ul>\n<p style=\"padding-left: 40px;\"><b><i>Nota importante:\u00a0<\/i><\/b>No debes olvidar que el pret\u00e9rito se puede usar para hablar de una secuencia<span class=\"Apple-converted-space\">\u00a0\u00a0<\/span>de acciones o eventos completos tambi\u00e9n, no solo de una acci\u00f3n individual necesariamente.<\/p>\n<ul>\n<li><i>Anoche fui al cine, el coche se descompuso, le habl\u00e9 a mi amigo y \u00e9l vino por mi.<\/i><\/li>\n<\/ul>\n<p style=\"padding-left: 40px;\">Aqu\u00ed, todas las acciones ocurren una detr\u00e1s de la otra, pero todas ellas est\u00e1n terminadas.<\/p>\n<p>&nbsp;<\/p>\n<p><b>Hablar del comienzo o final de una acci\u00f3n o evento.\u00a0<\/b>Si lo que queremos es indicar que una acci\u00f3n empieza o termina en el pasado, vamos a usar el pret\u00e9rito tambi\u00e9n.<\/p>\n<ul>\n<li><em>Ayer comenc\u00e9 a estudiar a las nueve de la ma\u00f1ana.<\/em><\/li>\n<li><em>Le\u00ed hasta las diez y media.<\/em><\/li>\n<li><em>Entonces, me fui a la clase.<\/em><\/li>\n<\/ul>\n","protected":false},"excerpt":{"rendered":"<p>El pret\u00e9rito es un tiempo verbal asociado principalmente a acciones que vemos como completas o terminadas. Es el tiempo de la narraci\u00f3n en contraste con el imperfecto, el cual se asocia con la descripci\u00f3n. En ese sentido usamos el pret\u00e9rito para: Hablar de acciones o eventos completos desde el punto de vista del hablante. En [&hellip;]<\/p>\n","protected":false},"author":298,"featured_media":0,"comment_status":"open","ping_status":"closed","sticky":false,"template":"","format":"standard","meta":{"footnotes":""},"categories":[1],"tags":[],"class_list":["post-3243","post","type-post","status-publish","format-standard","hentry","category-uncategorized"],"_links":{"self":[{"href":"https:\/\/commons.princeton.edu\/contextos\/wp-json\/wp\/v2\/posts\/3243","targetHints":{"allow":["GET"]}}],"collection":[{"href":"https:\/\/commons.princeton.edu\/contextos\/wp-json\/wp\/v2\/posts"}],"about":[{"href":"https:\/\/commons.princeton.edu\/contextos\/wp-json\/wp\/v2\/types\/post"}],"author":[{"embeddable":true,"href":"https:\/\/commons.princeton.edu\/contextos\/wp-json\/wp\/v2\/users\/298"}],"replies":[{"embeddable":true,"href":"https:\/\/commons.princeton.edu\/contextos\/wp-json\/wp\/v2\/comments?post=3243"}],"version-history":[{"count":4,"href":"https:\/\/commons.princeton.edu\/contextos\/wp-json\/wp\/v2\/posts\/3243\/revisions"}],"predecessor-version":[{"id":3250,"href":"https:\/\/commons.princeton.edu\/contextos\/wp-json\/wp\/v2\/posts\/3243\/revisions\/3250"}],"wp:attachment":[{"href":"https:\/\/commons.princeton.edu\/contextos\/wp-json\/wp\/v2\/media?parent=3243"}],"wp:term":[{"taxonomy":"category","embeddable":true,"href":"https:\/\/commons.princeton.edu\/contextos\/wp-json\/wp\/v2\/categories?post=3243"},{"taxonomy":"post_tag","embeddable":true,"href":"https:\/\/commons.princeton.edu\/contextos\/wp-json\/wp\/v2\/tags?post=3243"}],"curies":[{"name":"wp","href":"https:\/\/api.w.org\/{rel}","templated":true}]}}