{"id":1861,"date":"2020-08-05T12:26:06","date_gmt":"2020-08-05T16:26:06","guid":{"rendered":"https:\/\/commons.princeton.edu\/contextos\/?p=1861"},"modified":"2021-08-31T08:41:06","modified_gmt":"2021-08-31T12:41:06","slug":"mandatos-informales","status":"publish","type":"post","link":"https:\/\/commons.princeton.edu\/contextos\/mandatos-informales\/","title":{"rendered":"Mandatos informales"},"content":{"rendered":"<p>Los mandatos son estructuras que utilizamos para decir a otra persona lo que debe o tiene que hacer (o no hacer). A la hora de usarlos, debes prestar atenci\u00f3n a la persona o personas a las que te dirijas. As\u00ed, en espa\u00f1ol, dividimos los mandatos en dos grupos principales: mandatos de usted y mandatos de t\u00fa, tambi\u00e9n llamados mandatos formales (usted) o informales (t\u00fa).<span class=\"Apple-converted-space\">\u00a0 <\/span>En este apartado vamos a enfocarnos en los mandatos informales. Si quieres repasar los formales, haz click <a href=\"https:\/\/commons.princeton.edu\/contextos\/mandatos-formales\/\" target=\"_blank\" rel=\"noopener noreferrer\"><span style=\"text-decoration: underline;\"><b>aqu\u00ed<\/b><\/span><\/a>.<\/p>\n<p><b>FORMACI\u00d3N DE LOS MANDATOS INFORMALES<br \/>\n<\/b>La formaci\u00f3n de los mandatos de t\u00fa es un poco diferente de la de usted. Mientras que los mandatos de usted se forman de la misma manera independientemente de si son afirmativos o negativos, los de t\u00fa tienen diferentes formas para estos dos casos.<\/p>\n<p><b>MANDATOS INFORMALES AFIRMATIVOS<br \/>\n<\/b>Para formar los mandatos informales afirmativos \u2014es decir, para referirnos a t\u00fa\u2014 debemos simplemente usar la tercera persona singular del presente de indicativo del verbo que queramos utilizar.<br \/>\nF\u00edjate en estos ejemplos:<span class=\"Apple-converted-space\">\u00a0<\/span><\/p>\n<ul>\n<li>Estudiar \u2014&gt; ella\/\u00e9l\/usted estudia.<\/li>\n<\/ul>\n<p style=\"padding-left: 40px;\"><b>Mandato: <\/b>Estudia para la prueba. [<i>Study for the quiz.]<\/i><\/p>\n<ul>\n<li>Comer \u2014&gt; ella\/\u00e9l\/usted come.<\/li>\n<\/ul>\n<p style=\"padding-left: 40px;\"><b>Mandato: <\/b>Come los vegetales. [<i>Eat your vegetables.]<\/i><i><\/i><\/p>\n<ul>\n<li>Pedir \u2014&gt; ella\/\u00e9l\/usted pide.<\/li>\n<\/ul>\n<p style=\"padding-left: 40px;\"><b><i>Mandato: <\/i><\/b><i>Pide caf\u00e9. [Order coffee.]<\/i><\/p>\n<p><b>Nota: <\/b>Estos que encuentras abajo son algunos mandatos irregulares comunes.<\/p>\n<p><img class=\"aligncenter\" \/><img class=\"aligncenter\" \/><\/p>\n<p><img loading=\"lazy\" decoding=\"async\" class=\" wp-image-1875 aligncenter\" src=\"https:\/\/commons.princeton.edu\/contextos\/wp-content\/uploads\/2020\/08\/Informales-negativos--300x188.png\" alt=\"\" width=\"466\" height=\"292\" srcset=\"https:\/\/commons.princeton.edu\/contextos\/wp-content\/uploads\/2020\/08\/Informales-negativos--300x188.png 300w, https:\/\/commons.princeton.edu\/contextos\/wp-content\/uploads\/2020\/08\/Informales-negativos--1024x641.png 1024w, https:\/\/commons.princeton.edu\/contextos\/wp-content\/uploads\/2020\/08\/Informales-negativos--768x481.png 768w, https:\/\/commons.princeton.edu\/contextos\/wp-content\/uploads\/2020\/08\/Informales-negativos-.png 1172w\" sizes=\"auto, (max-width: 466px) 100vw, 466px\" \/><\/p>\n<p>&nbsp;<\/p>\n<p><b>MANDATOS INFORMALES NEGATIVOS<\/b><\/p>\n<p>La formaci\u00f3n de los mandatos informales negativos es muy similar a la de los formales. En este caso, tomamos la segunda persona singular del presente de subjuntivo del verbo que queramos utilizar y le a\u00f1adimos la part\u00edcula \u201cno\u201d delante. (Si quieres repasar la construcci\u00f3n del subjuntivo, haz click <a href=\"https:\/\/commons.princeton.edu\/contextos\/formacion-del-presente-subjuntivo\/\" target=\"_blank\" rel=\"noopener noreferrer\"><span style=\"text-decoration: underline;\"><b>aqu\u00ed<\/b><\/span><\/a>)<br \/>\nAs\u00ed:<\/p>\n<ul>\n<li>Estudiar \u2014&gt; t\u00fa estudies.<\/li>\n<\/ul>\n<p style=\"padding-left: 40px;\"><b>Mandato: <\/b>No estudies en un lugar con mucho ruido. [<i>Don\u2019t study in a noisy place.]<\/i><\/p>\n<ul>\n<li>Hacer \u2014&gt; t\u00fa hagas.<\/li>\n<\/ul>\n<p style=\"padding-left: 40px;\"><b>Mandato: <\/b>No hagas la tarea durante la clase. [<i>Don\u2019t do your homework during class.]<\/i><\/p>\n<ul>\n<li>Salir: \u2014&gt; t\u00fa salgas.<\/li>\n<\/ul>\n<p style=\"padding-left: 40px;\"><b>Mandato: <\/b>No salgas antes de las 8. [<i>Don\u2019t leave before 8.]<\/i><\/p>\n<p><b>Nota: <\/b>Como las estructuras verbales que utilizamos para los mandatos informales negativos son las mismas que las del presente de subjuntivo, los verbos irregulares tambi\u00e9n son los mismos. Estos que encuentras abajo son algunos de los m\u00e1s comunes, pero si quieres ver la lista completa, haz click <a href=\"https:\/\/commons.princeton.edu\/contextos\/formacion-del-presente-subjuntivo\/\" target=\"_blank\" rel=\"noopener noreferrer\"><span style=\"text-decoration: underline;\"><b>aqu\u00ed<\/b><\/span><\/a>.<\/p>\n<p><img class=\"aligncenter\" \/><img loading=\"lazy\" decoding=\"async\" class=\" wp-image-1876 aligncenter\" src=\"https:\/\/commons.princeton.edu\/contextos\/wp-content\/uploads\/2020\/08\/M\u00e1s-informales-negativos-300x102.png\" alt=\"\" width=\"482\" height=\"164\" srcset=\"https:\/\/commons.princeton.edu\/contextos\/wp-content\/uploads\/2020\/08\/M\u00e1s-informales-negativos-300x102.png 300w, https:\/\/commons.princeton.edu\/contextos\/wp-content\/uploads\/2020\/08\/M\u00e1s-informales-negativos-1024x347.png 1024w, https:\/\/commons.princeton.edu\/contextos\/wp-content\/uploads\/2020\/08\/M\u00e1s-informales-negativos-768x260.png 768w, https:\/\/commons.princeton.edu\/contextos\/wp-content\/uploads\/2020\/08\/M\u00e1s-informales-negativos.png 1170w\" sizes=\"auto, (max-width: 482px) 100vw, 482px\" \/><\/p>\n<p>&nbsp;<\/p>\n<p>Puedes practicar la conjugaci\u00f3n de los mandatos informales en las siguientes p\u00e1ginas:<\/p>\n<ul>\n<li style=\"list-style-type: none;\">\n<ul>\n<li style=\"list-style-type: none;\">\n<ul>\n<li><a href=\"https:\/\/personal.colby.edu\/~bknelson\/SLC\/commands_tu1.html\" target=\"_blank\" rel=\"noopener noreferrer\">Colby.edu<\/a>:<\/li>\n<li><a href=\"https:\/\/www.spanishdict.com\/quizzes\/65\/affirmative-informal-tu-commands\" target=\"_blank\" rel=\"noopener noreferrer\">www.spanishdict.com<\/a>:<\/li>\n<\/ul>\n<\/li>\n<\/ul>\n<\/li>\n<\/ul>\n<p>&nbsp;<\/p>\n<h6>Tomado y adaptado de <em>Aprendo<\/em> (Princeton University \u2014 Spanish and Portuguese Department)<\/h6>\n","protected":false},"excerpt":{"rendered":"<p>Los mandatos son estructuras que utilizamos para decir a otra persona lo que debe o tiene que hacer (o no hacer). A la hora de usarlos, debes prestar atenci\u00f3n a la persona o personas a las que te dirijas. As\u00ed, en espa\u00f1ol, dividimos los mandatos en dos grupos principales: mandatos de usted y mandatos de [&hellip;]<\/p>\n","protected":false},"author":3,"featured_media":0,"comment_status":"open","ping_status":"closed","sticky":false,"template":"","format":"standard","meta":{"footnotes":""},"categories":[1],"tags":[],"class_list":["post-1861","post","type-post","status-publish","format-standard","hentry","category-uncategorized"],"_links":{"self":[{"href":"https:\/\/commons.princeton.edu\/contextos\/wp-json\/wp\/v2\/posts\/1861","targetHints":{"allow":["GET"]}}],"collection":[{"href":"https:\/\/commons.princeton.edu\/contextos\/wp-json\/wp\/v2\/posts"}],"about":[{"href":"https:\/\/commons.princeton.edu\/contextos\/wp-json\/wp\/v2\/types\/post"}],"author":[{"embeddable":true,"href":"https:\/\/commons.princeton.edu\/contextos\/wp-json\/wp\/v2\/users\/3"}],"replies":[{"embeddable":true,"href":"https:\/\/commons.princeton.edu\/contextos\/wp-json\/wp\/v2\/comments?post=1861"}],"version-history":[{"count":11,"href":"https:\/\/commons.princeton.edu\/contextos\/wp-json\/wp\/v2\/posts\/1861\/revisions"}],"predecessor-version":[{"id":3141,"href":"https:\/\/commons.princeton.edu\/contextos\/wp-json\/wp\/v2\/posts\/1861\/revisions\/3141"}],"wp:attachment":[{"href":"https:\/\/commons.princeton.edu\/contextos\/wp-json\/wp\/v2\/media?parent=1861"}],"wp:term":[{"taxonomy":"category","embeddable":true,"href":"https:\/\/commons.princeton.edu\/contextos\/wp-json\/wp\/v2\/categories?post=1861"},{"taxonomy":"post_tag","embeddable":true,"href":"https:\/\/commons.princeton.edu\/contextos\/wp-json\/wp\/v2\/tags?post=1861"}],"curies":[{"name":"wp","href":"https:\/\/api.w.org\/{rel}","templated":true}]}}