{"id":1535,"date":"2020-07-28T10:17:04","date_gmt":"2020-07-28T14:17:04","guid":{"rendered":"https:\/\/commons.princeton.edu\/contextos\/?p=1535"},"modified":"2021-01-13T10:17:58","modified_gmt":"2021-01-13T15:17:58","slug":"proclama-de-simon-bolivar-gramatica-i","status":"publish","type":"post","link":"https:\/\/commons.princeton.edu\/contextos\/proclama-de-simon-bolivar-gramatica-i\/","title":{"rendered":"Proclama de Sim\u00f3n Bol\u00edvar \u2013 Gram\u00e1tica (I)"},"content":{"rendered":"<p>Como habr\u00e1s podido suponer viendo el texto de Bol\u00edvar y los ejemplos que hemos ofrecido antes, una de las formas m\u00e1s comunes de establecer la impersonalidad es con la part\u00edcula \u2018<strong>se<\/strong>\u2019:<\/p>\n<h4 style=\"text-align: center;\" align=\"center\"><span style=\"color: #ccffff;\">SE + tercera persona singular (\u00e9l\/ella)<\/span><\/h4>\n<p>* <em>En este discurso <\/em><strong><i>se<\/i><\/strong><em> <u>invita<\/u> a los espa\u00f1oles a unirse a la liberaci\u00f3n<\/em><\/p>\n<h4 style=\"text-align: center;\" align=\"center\"><span style=\"color: #ccffff;\">Pasivas reflejas: SE + tercera persona singular \/ plural<\/span><\/h4>\n<p>(dependiendo del <u>objeto<\/u> que acompa\u00f1a al verbo i.e. qu\u00e9 cosa se concede)<\/p>\n<p><em>* <\/em><strong><i>Se<\/i><\/strong><em> concede <u>un indulto<\/u><\/em><\/p>\n<p><em>* <\/em><strong><i>Se<\/i><\/strong><em> concede<\/em><strong><i>n<\/i><\/strong><em> <u>ayudas<\/u><\/em><\/p>\n<p>Tambi\u00e9n has visto c\u00f3mo el autor emplea la siguiente forma:<\/p>\n<h4 style=\"text-align: center;\" align=\"center\"><span style=\"color: #ccffff;\">Verbo SER + participio<\/span><\/h4>\n<p><em>* Los espa\u00f1oles <\/em><strong><i>ser\u00e1n<\/i><\/strong><em> <u>castigados<\/u><\/em><\/p>\n<p><em>* La independencia <\/em><strong><i>ser\u00e1<\/i><\/strong><em> <u>conseguida<\/u><\/em><\/p>\n<p><strong>Cuidado:<\/strong> en el caso de las <strong>pasivas reflejas<\/strong> y del verbo <strong>SER + participio<\/strong> hay, en cierto modo, un sujeto gramatical i.e. el <strong>verbo concuerda<\/strong> con un elemento de la frase.<\/p>\n<p>&nbsp;<\/p>\n<p>Para continuar haz click\u00a0 en &#8220;<em>Todav\u00eda se les invita a vivir pac\u00edficamente entre nosotros&#8221;<\/em> en el texto principal.<\/p>\n","protected":false},"excerpt":{"rendered":"<p>Como habr\u00e1s podido suponer viendo el texto de Bol\u00edvar y los ejemplos que hemos ofrecido antes, una de las formas m\u00e1s comunes de establecer la impersonalidad es con la part\u00edcula \u2018se\u2019: SE + tercera persona singular (\u00e9l\/ella) * En este discurso se invita a los espa\u00f1oles a unirse a la liberaci\u00f3n Pasivas reflejas: SE + [&hellip;]<\/p>\n","protected":false},"author":2,"featured_media":0,"comment_status":"open","ping_status":"open","sticky":false,"template":"","format":"standard","meta":{"footnotes":""},"categories":[26,10],"tags":[28,61],"class_list":["post-1535","post","type-post","status-publish","format-standard","hentry","category-gramatica","category-nacion","tag-gramatica","tag-proclama-de-simon-bolivar"],"_links":{"self":[{"href":"https:\/\/commons.princeton.edu\/contextos\/wp-json\/wp\/v2\/posts\/1535","targetHints":{"allow":["GET"]}}],"collection":[{"href":"https:\/\/commons.princeton.edu\/contextos\/wp-json\/wp\/v2\/posts"}],"about":[{"href":"https:\/\/commons.princeton.edu\/contextos\/wp-json\/wp\/v2\/types\/post"}],"author":[{"embeddable":true,"href":"https:\/\/commons.princeton.edu\/contextos\/wp-json\/wp\/v2\/users\/2"}],"replies":[{"embeddable":true,"href":"https:\/\/commons.princeton.edu\/contextos\/wp-json\/wp\/v2\/comments?post=1535"}],"version-history":[{"count":7,"href":"https:\/\/commons.princeton.edu\/contextos\/wp-json\/wp\/v2\/posts\/1535\/revisions"}],"predecessor-version":[{"id":2604,"href":"https:\/\/commons.princeton.edu\/contextos\/wp-json\/wp\/v2\/posts\/1535\/revisions\/2604"}],"wp:attachment":[{"href":"https:\/\/commons.princeton.edu\/contextos\/wp-json\/wp\/v2\/media?parent=1535"}],"wp:term":[{"taxonomy":"category","embeddable":true,"href":"https:\/\/commons.princeton.edu\/contextos\/wp-json\/wp\/v2\/categories?post=1535"},{"taxonomy":"post_tag","embeddable":true,"href":"https:\/\/commons.princeton.edu\/contextos\/wp-json\/wp\/v2\/tags?post=1535"}],"curies":[{"name":"wp","href":"https:\/\/api.w.org\/{rel}","templated":true}]}}