{"id":1134,"date":"2020-07-19T12:52:30","date_gmt":"2020-07-19T16:52:30","guid":{"rendered":"https:\/\/commons.princeton.edu\/contextos\/?p=1134"},"modified":"2020-07-21T12:50:20","modified_gmt":"2020-07-21T16:50:20","slug":"recap-de-preterito-vs-imperfecto","status":"publish","type":"post","link":"https:\/\/commons.princeton.edu\/contextos\/recap-de-preterito-vs-imperfecto\/","title":{"rendered":"Recap de pret\u00e9rito vs imperfecto"},"content":{"rendered":"<p>Como ya sabes, el espa\u00f1ol tiene dos formas de pasado \u201csimple\u201d: el pret\u00e9rito y el imperfecto. En ingl\u00e9s, solo existe una forma, como puedes observar en los siguientes ejemplos.<\/p>\n<p>Pret\u00e9rito\u00a0 \u00a0 \u00a0 \u00a0 \u00a0 \u00a0Ayer <strong><span style=\"color: #3366ff;\">sal\u00ed<\/span> <\/strong>con mis amigos (<em>Yesterday I went out with my friends<\/em>)<\/p>\n<p>Imperfecto \u00a0\u00a0\u00a0\u00a0\u00a0 Esa noche <span style=\"color: #ff9900;\"><strong>hac\u00eda<\/strong> <\/span>fr\u00edo (<em>That night it was cold<\/em>)<\/p>\n<p><strong><u>Usos del Pret\u00e9rito:<\/u><\/strong><\/p>\n<ol>\n<li>Describir acciones o eventos completos en el pasado, con un principio y un fin claro:<\/li>\n<\/ol>\n<p><em>Antonio <strong><span style=\"color: #3366ff;\">vivi\u00f3<\/span> <\/strong>en Princeton cuatro a\u00f1os, durante sus estudios en la Universidad.<\/em><\/p>\n<ol start=\"2\">\n<li>Indicar el principio o el final de un evento:<\/li>\n<\/ol>\n<p><em>La pel\u00edcula <strong><span style=\"color: #3366ff;\">empez\u00f3<\/span> <\/strong>a las 7 y <strong><span style=\"color: #3366ff;\">acab\u00f3<\/span> <\/strong>muy tarde, a las 10 de la noche. <\/em><\/p>\n<ol start=\"3\">\n<li>Secuenciar eventos completos en el pasado:<\/li>\n<\/ol>\n<p><strong><em><span style=\"color: #3366ff;\">Abri\u00f3<\/span> <\/em><\/strong><em>los ojos, <strong><span style=\"color: #3366ff;\">mir\u00f3<\/span> <\/strong>a su alrededor, <strong><span style=\"color: #3366ff;\">vio<\/span> <\/strong>la hora y <span style=\"color: #3366ff;\"><strong>sali\u00f3<\/strong> <\/span>corriendo para no llegar tarde a clase. <\/em><\/p>\n<p><strong><u>Usos del Imperfecto:<\/u><\/strong><\/p>\n<ol>\n<li>Describe cualidades<\/li>\n<\/ol>\n<p><em>Mis colegas de clase <span style=\"color: #ff9900;\"><strong>eran <\/strong><\/span>divertid\u00edsimos<\/em><\/p>\n<ol start=\"2\">\n<li>Se refiere a situaciones habituales, que se repiten en el pasado<\/li>\n<\/ol>\n<p><em>Todos los viernes despu\u00e9s de clase <span style=\"color: #ff9900;\"><strong>sal\u00edamos <\/strong><\/span>a tomar un caf\u00e9 juntos<\/em><\/p>\n<ol start=\"3\">\n<li>Habla sobre el contexto, el fondo (<em>background<\/em>) de otras acciones<\/li>\n<\/ol>\n<p><em>Recuerdo aquellos tiempos con cari\u00f1o; mi vida en Princeton <span style=\"color: #800000;\"><strong><span style=\"color: #ff9900;\">era<\/span> <\/strong><\/span>tranquila, <span style=\"color: #ff9900;\"><strong>ten\u00eda <\/strong><\/span>a mis amigos cerca y nunca <span style=\"color: #800000;\"><strong><span style=\"color: #ff9900;\">me sent\u00eda<\/span> <\/strong><\/span>triste<\/em><\/p>\n<ol start=\"4\">\n<li>Indica continuidad, simultaneidad y a veces puede contrastarse con un evento espec\u00edfico (en Pret\u00e9rito) y contextualizarlo:<\/li>\n<\/ol>\n<p><em>Mientras <strong><span style=\"color: #ff9900;\">com\u00eda<\/span>, <span style=\"color: #ff9900;\">ve\u00eda <\/span><\/strong>la televisi\u00f3n\u00a0<\/em><\/p>\n<p><em>Cada vez que <span style=\"color: #ff9900;\"><strong>entraba<\/strong> <\/span>en clase<strong>, <span style=\"color: #ff9900;\">saludaba<\/span><\/strong> a mis colegas<\/em><\/p>\n<p><span style=\"color: #ff9900;\"><strong><em>Estaba <\/em><\/strong><\/span><em>estudiando cuando <span style=\"color: #3366ff;\"><strong>llam\u00f3<\/strong> <\/span>Marta <\/em><\/p>\n<p><strong><u>Combinando los pasados<\/u><\/strong><\/p>\n<p>F\u00edjate en este ejemplo donde combinamos el contexto, la informaci\u00f3n de fondo (i.e. <em>viv\u00eda en M\u00e9xico<\/em>) con acciones puntuales y finitas (<em>viaj\u00e9\u2026 viaj\u00e9\u2026<\/em>)<\/p>\n<p>Cuando <span style=\"color: #ff9900;\"><strong>viv\u00eda<\/strong> <\/span>en M\u00e9xico, <span style=\"color: #3366ff;\"><strong>viaj\u00e9<\/strong> <\/span>mucho<\/p>\n<p><img loading=\"lazy\" decoding=\"async\" class=\"size-full wp-image-1225 aligncenter\" src=\"https:\/\/commons.princeton.edu\/contextos\/wp-content\/uploads\/2020\/07\/preterito-imperecto-ambos.png\" alt=\"\" width=\"565\" height=\"318\" srcset=\"https:\/\/commons.princeton.edu\/contextos\/wp-content\/uploads\/2020\/07\/preterito-imperecto-ambos.png 565w, https:\/\/commons.princeton.edu\/contextos\/wp-content\/uploads\/2020\/07\/preterito-imperecto-ambos-300x169.png 300w\" sizes=\"auto, (max-width: 565px) 100vw, 565px\" \/><\/p>\n<p>Dependiendo del matiz de la narraci\u00f3n, se pueden combinar ambos tiempos dentro del mismo texto, dependiendo de si queremos describir y contextualizar, o si queremos indicar acciones espec\u00edficas, con un principio y fin claros.<\/p>\n<p>Compara este texto con su traducci\u00f3n al ingl\u00e9s para ver las diferencias:<\/p>\n<table style=\"width: 100%; border-collapse: collapse;\" border=\"0\">\n<tbody>\n<tr>\n<td style=\"width: 50%; text-align: center;\"><em>Cuando <\/em><span style=\"color: #3366ff;\"><strong><em>llegu\u00e9<\/em><\/strong><\/span><em> a Espa\u00f1a en el 2014 <\/em><span style=\"color: #3366ff;\"><strong><em>conoc\u00ed<\/em><\/strong><\/span><em> a Javier. En esa \u00e9poca \u00e9l <\/em><span style=\"color: #ff9900;\"><strong><em>estudiaba<\/em><\/strong><\/span><em> ingenier\u00eda y yo apenas <\/em><span style=\"color: #ff9900;\"><strong><em>comenzaba<\/em><\/strong><\/span><em> mi carrera en medicina. Despu\u00e9s de s\u00f3lo un mes Javier y yo <\/em><span style=\"color: #3366ff;\"><strong><em>empezamos<\/em><\/strong><\/span><em> a salir y tres meses despu\u00e9s \u00e9l me <\/em><span style=\"color: #3366ff;\"><strong><em>propuso<\/em><\/strong><\/span><em> matrimonio.<span style=\"color: #ff9900;\"> <strong>Me<\/strong> <strong>sent\u00eda<\/strong><\/span> muy feliz y <span style=\"color: #ff9900;\"><strong>estaba<\/strong> <\/span>muy enamorada de \u00e9l. En el 2015 <span style=\"color: #3366ff;\"><strong>nos casamos<\/strong><\/span> en Madrid y hace dos meses <span style=\"color: #3366ff;\"><strong>nos mudamos <\/strong><\/span>a Sevilla.<\/em><\/td>\n<td style=\"width: 50%; text-align: center;\"><em>I met Javier when I arrived in Spain in 2014. At that time he was studying engineering and I had just began Medicine school. After only a month Javier and I started to date and three months later he proposed to me. I was so happy and I was very much in love with him. In 2015 we got married in Madrid and two months ago we moved to Sevilla.<\/em><\/td>\n<\/tr>\n<\/tbody>\n<\/table>\n<p><strong><u>Cambios de significado:<\/u><\/strong><\/p>\n<p>En el caso de algunos <strong>verbos de estado<\/strong> (que denotan condici\u00f3n, estado del ser, situaci\u00f3n, opini\u00f3n, en contraste con verbos de acci\u00f3n) se dan cambios de significado:<\/p>\n<table style=\"width: 827px;\">\n<tbody>\n<tr>\n<td style=\"text-align: center; width: 315px;\" width=\"208\"><strong>Imperfecto<\/strong><\/td>\n<td style=\"text-align: center; width: 176px;\" width=\"182\">Verbo<\/td>\n<td style=\"text-align: center; width: 336px;\" width=\"234\"><strong>Pret\u00e9rito<\/strong><\/td>\n<\/tr>\n<tr>\n<td style=\"text-align: center; width: 315px;\" width=\"208\">\n<p>Lo <span style=\"color: #ff9900;\">sab\u00eda<\/span><\/p>\n<p><em>I knew it<\/em><\/p>\n<p>Estado, situaci\u00f3n o cualidad del hablante<\/td>\n<td style=\"text-align: center; width: 176px;\" width=\"182\">Saber<\/td>\n<td style=\"text-align: center; width: 336px;\" width=\"234\">\n<p>Lo <span style=\"color: #3366ff;\">supe<\/span><\/p>\n<p><em>I realized it<\/em><\/p>\n<p>Inicio de la acci\u00f3n de saber, momento espec\u00edfico en que comienza<\/td>\n<\/tr>\n<tr>\n<td style=\"text-align: center; width: 315px;\" width=\"208\">\n<p><span style=\"color: #ff9900;\">Conoc\u00eda<\/span> a Jos\u00e9<\/p>\n<p><em>I knew Jos\u00e9<\/em><\/p>\n<p>Caracter\u00edstica o cualidad, estado, <em>eran amigos<\/em><\/td>\n<td style=\"text-align: center; width: 176px;\" width=\"182\">Conocer<\/td>\n<td style=\"text-align: center; width: 336px;\" width=\"234\">\n<p><span style=\"color: #3366ff;\">Conoc\u00ed<\/span> a Jos\u00e9<\/p>\n<p><em>I met Jos\u00e9<\/em><\/p>\n<p>Momento en el que le presentan a Jos\u00e9 por primera vez<\/td>\n<\/tr>\n<tr>\n<td style=\"text-align: center; width: 315px;\" width=\"208\">\n<p><span style=\"color: #ff9900;\">Pod\u00eda<\/span> hacerlo<\/p>\n<p><em>I could do it<\/em><\/p>\n<p>Estado, tiene la capacidad de hacerlo<\/td>\n<td style=\"text-align: center; width: 176px;\" width=\"182\">Poder<\/td>\n<td style=\"text-align: center; width: 336px;\" width=\"234\">\n<p><span style=\"color: #3366ff;\">Pude<\/span> hacerlo<\/p>\n<p><em>I managed to do it<\/em><\/p>\n<p>Acci\u00f3n que comienza y acaba, no se habla de una caracter\u00edstica del hablante<\/td>\n<\/tr>\n<tr>\n<td style=\"text-align: center; width: 315px;\" width=\"208\">\n<p><span style=\"color: #ff9900;\">Quer\u00eda<\/span> hacerlo<\/p>\n<p><em>I was willing to do it<\/em><\/p>\n<p>Estado, el hablante siente la voluntad de hacerlo<\/td>\n<td style=\"text-align: center; width: 176px;\" width=\"182\">Querer<\/td>\n<td style=\"text-align: center; width: 336px;\" width=\"234\">\n<p><span style=\"color: #3366ff;\">Quise<\/span> hacerlo<\/p>\n<p><em>I wanted to do it<\/em><\/p>\n<p>Momento en el que comienza a sentir la voluntad<\/td>\n<\/tr>\n<tr>\n<td style=\"text-align: center; width: 315px;\" width=\"208\">\n<p><span style=\"color: #ff9900;\">Ten\u00eda<\/span> que estudiar<\/p>\n<p><em>I was supposed to study<\/em><\/p>\n<p>Estado y descripci\u00f3n del contexto (su deber era estudar\u2026 \u00bfestudi\u00f3 o no estudi\u00f3?)<\/td>\n<td style=\"text-align: center; width: 176px;\" width=\"182\">Tener que<\/td>\n<td style=\"text-align: center; width: 336px;\" width=\"234\">\n<p><span style=\"color: #3366ff;\">Tuve<\/span> que estudiar<\/p>\n<p><em>I had to study<\/em><\/p>\n<p>Acci\u00f3n que tiene principio y fin, delimitada (en este caso sabemos que estudi\u00f3)<\/td>\n<\/tr>\n<\/tbody>\n<\/table>\n<p>Esta misma l\u00f3gica (verbo de estado en proceso vs. inicio o final del estado) se aplica a otros verbos. Por ejemplo, usamos el <strong>Pret\u00e9rito<\/strong> con verbos que indican el inicio de una emoci\u00f3n (<em>alegrarse<\/em>, <em>emocionarse<\/em>, <em>molestarse<\/em>, <em>preocuparse<\/em>, <em>sorprenderse<\/em>, <em>sentirse<\/em>, etc) o una reacci\u00f3n (<em>ponerse<\/em>, <em>estornudar<\/em>, <em>desmayarse<\/em>, etc).<\/p>\n<p><em>La madre <strong><span style=\"color: #3366ff;\">se emocion\u00f3<\/span> <\/strong>en la graduaci\u00f3n de su hija<\/em><\/p>\n<p><em>Cuando era pequena siempre <\/em><strong><span style=\"color: #ff9900;\">iba<\/span> <\/strong><em>con sandalias, nunca <span style=\"color: #3366ff;\"><strong>me puse<\/strong> <\/span>enferma por el fr\u00edo<\/em><\/p>\n<p>&nbsp;<\/p>\n<p style=\"text-align: right;\"><strong>Adaptado de <em>Aprendo<\/em> (Princeton University \u2014 Spanish and Portuguese Department)<\/strong><\/p>\n<p>&nbsp;<\/p>\n<p>Puedes practicar el uso de estos tiempos del pasado en la narraci\u00f3n en los siguientes textos:<\/p>\n<p>&#8211; <a href=\"https:\/\/commons.princeton.edu\/contextos\/reading\/la-escuela-de-noviazgo\/\" target=\"_blank\" rel=\"noopener noreferrer\">La escuela de noviazgo<\/a> (Funci\u00f3n y uso del <strong>imperfecto<\/strong><strong>)<\/strong><\/p>\n<p>&#8211; <a href=\"https:\/\/commons.princeton.edu\/contextos\/reading\/balada-del-manzanares\/\" target=\"_blank\" rel=\"noopener noreferrer\">Balada del Manzanares<\/a> (<strong>Imperfecto<\/strong>: revision de usos y conjugacion)<\/p>\n<p>&#8211; <a href=\"https:\/\/commons.princeton.edu\/contextos\/reading\/las-dos-hermanas-y-la-naranja\/\" target=\"_blank\" rel=\"noopener noreferrer\">Las dos hermanas y la naranja<\/a> (<strong>Pret\u00e9rito<\/strong> usos principales y contraste con el <strong>imperfecto<\/strong>)<\/p>\n<p>Y en estas p\u00e1ginas externas:<\/p>\n<p><em>Spanish Language and Culture with Barbara Kuczun Nelson<\/em>: <a href=\"https:\/\/personal.colby.edu\/~bknelson\/SLC\/pret_imp.html\">https:\/\/personal.colby.edu\/~bknelson\/SLC\/pret_imp.html<\/a><\/p>\n<p><em>Explicaci\u00f3n y actividades (dise\u00f1adas por Blanca Palacio Alegre):\u00a0<\/em><a href=\"https:\/\/www.profedeele.es\/actividad\/gramatica\/hablar-pasado-imperfecto-indefinido-1\/\">https:\/\/www.profedeele.es\/actividad\/gramatica\/hablar-pasado-imperfecto-indefinido-1\/<\/a><\/p>\n<p>&nbsp;<\/p>\n","protected":false},"excerpt":{"rendered":"<p>Como ya sabes, el espa\u00f1ol tiene dos formas de pasado \u201csimple\u201d: el pret\u00e9rito y el imperfecto. En ingl\u00e9s, solo existe una forma, como puedes observar en los siguientes ejemplos. Pret\u00e9rito\u00a0 \u00a0 \u00a0 \u00a0 \u00a0 \u00a0Ayer sal\u00ed con mis amigos (Yesterday I went out with my friends) Imperfecto \u00a0\u00a0\u00a0\u00a0\u00a0 Esa noche hac\u00eda fr\u00edo (That night it [&hellip;]<\/p>\n","protected":false},"author":3,"featured_media":0,"comment_status":"open","ping_status":"open","sticky":false,"template":"","format":"standard","meta":{"footnotes":""},"categories":[26],"tags":[31,28,47,45,46],"class_list":["post-1134","post","type-post","status-publish","format-standard","hentry","category-gramatica","tag-descripcion","tag-gramatica","tag-imperfecto","tag-narrativa","tag-preterito"],"_links":{"self":[{"href":"https:\/\/commons.princeton.edu\/contextos\/wp-json\/wp\/v2\/posts\/1134","targetHints":{"allow":["GET"]}}],"collection":[{"href":"https:\/\/commons.princeton.edu\/contextos\/wp-json\/wp\/v2\/posts"}],"about":[{"href":"https:\/\/commons.princeton.edu\/contextos\/wp-json\/wp\/v2\/types\/post"}],"author":[{"embeddable":true,"href":"https:\/\/commons.princeton.edu\/contextos\/wp-json\/wp\/v2\/users\/3"}],"replies":[{"embeddable":true,"href":"https:\/\/commons.princeton.edu\/contextos\/wp-json\/wp\/v2\/comments?post=1134"}],"version-history":[{"count":8,"href":"https:\/\/commons.princeton.edu\/contextos\/wp-json\/wp\/v2\/posts\/1134\/revisions"}],"predecessor-version":[{"id":1229,"href":"https:\/\/commons.princeton.edu\/contextos\/wp-json\/wp\/v2\/posts\/1134\/revisions\/1229"}],"wp:attachment":[{"href":"https:\/\/commons.princeton.edu\/contextos\/wp-json\/wp\/v2\/media?parent=1134"}],"wp:term":[{"taxonomy":"category","embeddable":true,"href":"https:\/\/commons.princeton.edu\/contextos\/wp-json\/wp\/v2\/categories?post=1134"},{"taxonomy":"post_tag","embeddable":true,"href":"https:\/\/commons.princeton.edu\/contextos\/wp-json\/wp\/v2\/tags?post=1134"}],"curies":[{"name":"wp","href":"https:\/\/api.w.org\/{rel}","templated":true}]}}